{"id":951,"date":"2022-07-07T15:19:10","date_gmt":"2022-07-07T15:19:10","guid":{"rendered":"https:\/\/iumusac.usac.edu.gt\/?p=951"},"modified":"2022-07-09T02:22:44","modified_gmt":"2022-07-09T02:22:44","slug":"empoderar-es-prevenir-campana","status":"publish","type":"post","link":"https:\/\/iumusac.usac.edu.gt\/?p=951","title":{"rendered":"Empoderar Es Prevenir la violencia contra las mujeres. Campa\u00f1a 2020"},"content":{"rendered":"\n<p>El IUMUSAC conjuntamente con M\u00e9dicos del Mundo Guatemala,  ONU Mujeres, la Agencia Espa\u00f1ola de Cooperaci\u00f3n Internacional para el Desarrollo y la Junta de Comunidades de Castilla La Mancha, promovimos la Campa\u00f1a \u201cEmpoderarEsPrevenir\u201d.  <\/p>\n\n\n\n<p>El lanzamiento de esta Campa\u00f1a se realiz\u00f3 el 9 de junio de 2020, con el objetivo de contribuir a generar conciencia sobre la importancia de reducir las desigualdades que afectan a las mujeres y que, a partir de la dependencia econ\u00f3mica se contribuye a perpetuar distintas formas de violencia contra las mujeres.<\/p>\n\n\n\n<p>Esta campa\u00f1a incluy\u00f3 6 im\u00e1genes de mujeres en actividad productiva o caminando por la calle, la campa\u00f1a fue colocada en m\u00e1s de 400 <em>mupis <\/em>de Ciudad de Guatemala que se ampliaron posteriormente a otros municipios situados alrededor de la Ciudad, por un a\u00f1o su posicionamiento. Estos afiches se lanzaron tambi\u00e9n en campa\u00f1a digital por las entidades promotoras, y tuvo cobertura por medios de comunicaci\u00f3n nacional.<\/p>\n\n\n\n<p>Se puede consultar en link de ONU Mujeres<\/p>\n\n\n\n<p><a href=\"https:\/\/lac.unwomen.org\/es\/noticias-y-eventos\/articulos\/2020\/06\/campana-empoderar-para-prevenir\">https:\/\/lac.unwomen.org\/es\/noticias-y-eventos\/articulos\/2020\/06\/campana-empoderar-para-prevenir<\/a><\/p>\n\n\n\n<figure class=\"wp-block-image size-large is-resized\"><img loading=\"lazy\" decoding=\"async\" src=\"https:\/\/iumusac.usac.edu.gt\/wp-content\/uploads\/2022\/07\/Afiche-6-empoderamiento-Economico-576x1024.jpg\" alt=\"\" class=\"wp-image-957\" width=\"432\" height=\"768\" srcset=\"https:\/\/iumusac.usac.edu.gt\/wp-content\/uploads\/2022\/07\/Afiche-6-empoderamiento-Economico-576x1024.jpg 576w, https:\/\/iumusac.usac.edu.gt\/wp-content\/uploads\/2022\/07\/Afiche-6-empoderamiento-Economico-169x300.jpg 169w, https:\/\/iumusac.usac.edu.gt\/wp-content\/uploads\/2022\/07\/Afiche-6-empoderamiento-Economico-768x1365.jpg 768w, https:\/\/iumusac.usac.edu.gt\/wp-content\/uploads\/2022\/07\/Afiche-6-empoderamiento-Economico-864x1536.jpg 864w, https:\/\/iumusac.usac.edu.gt\/wp-content\/uploads\/2022\/07\/Afiche-6-empoderamiento-Economico.jpg 1152w\" sizes=\"(max-width: 432px) 100vw, 432px\" \/><\/figure>\n\n\n\n<figure class=\"wp-block-image size-large is-resized\"><img loading=\"lazy\" decoding=\"async\" src=\"https:\/\/iumusac.usac.edu.gt\/wp-content\/uploads\/2022\/07\/Afiche-5-empoderamiento-economico-576x1024.jpg\" alt=\"\" class=\"wp-image-956\" width=\"432\" height=\"768\" srcset=\"https:\/\/iumusac.usac.edu.gt\/wp-content\/uploads\/2022\/07\/Afiche-5-empoderamiento-economico-576x1024.jpg 576w, https:\/\/iumusac.usac.edu.gt\/wp-content\/uploads\/2022\/07\/Afiche-5-empoderamiento-economico-169x300.jpg 169w, https:\/\/iumusac.usac.edu.gt\/wp-content\/uploads\/2022\/07\/Afiche-5-empoderamiento-economico-768x1365.jpg 768w, https:\/\/iumusac.usac.edu.gt\/wp-content\/uploads\/2022\/07\/Afiche-5-empoderamiento-economico-864x1536.jpg 864w, https:\/\/iumusac.usac.edu.gt\/wp-content\/uploads\/2022\/07\/Afiche-5-empoderamiento-economico.jpg 1152w\" sizes=\"(max-width: 432px) 100vw, 432px\" \/><\/figure>\n\n\n\n<figure class=\"wp-block-gallery has-nested-images columns-default is-cropped wp-block-gallery-1 is-layout-flex wp-block-gallery-is-layout-flex\">\n<figure class=\"wp-block-image size-large\"><img loading=\"lazy\" decoding=\"async\" width=\"1152\" height=\"2048\" data-id=\"955\" src=\"https:\/\/iumusac.usac.edu.gt\/wp-content\/uploads\/2022\/07\/Afiche-4-empoderamiento-Economico.jpg\" alt=\"\" class=\"wp-image-955\" srcset=\"https:\/\/iumusac.usac.edu.gt\/wp-content\/uploads\/2022\/07\/Afiche-4-empoderamiento-Economico.jpg 1152w, https:\/\/iumusac.usac.edu.gt\/wp-content\/uploads\/2022\/07\/Afiche-4-empoderamiento-Economico-169x300.jpg 169w, https:\/\/iumusac.usac.edu.gt\/wp-content\/uploads\/2022\/07\/Afiche-4-empoderamiento-Economico-576x1024.jpg 576w, https:\/\/iumusac.usac.edu.gt\/wp-content\/uploads\/2022\/07\/Afiche-4-empoderamiento-Economico-768x1365.jpg 768w, https:\/\/iumusac.usac.edu.gt\/wp-content\/uploads\/2022\/07\/Afiche-4-empoderamiento-Economico-864x1536.jpg 864w\" sizes=\"(max-width: 1152px) 100vw, 1152px\" \/><\/figure>\n<\/figure>\n\n\n\n<figure class=\"wp-block-gallery has-nested-images columns-default is-cropped wp-block-gallery-2 is-layout-flex wp-block-gallery-is-layout-flex\">\n<figure class=\"wp-block-image size-large\"><img loading=\"lazy\" decoding=\"async\" width=\"540\" height=\"960\" data-id=\"954\" src=\"https:\/\/iumusac.usac.edu.gt\/wp-content\/uploads\/2022\/07\/Afiche-3-empoderamiento-Economico.jpg\" alt=\"\" class=\"wp-image-954\" srcset=\"https:\/\/iumusac.usac.edu.gt\/wp-content\/uploads\/2022\/07\/Afiche-3-empoderamiento-Economico.jpg 540w, https:\/\/iumusac.usac.edu.gt\/wp-content\/uploads\/2022\/07\/Afiche-3-empoderamiento-Economico-169x300.jpg 169w\" sizes=\"(max-width: 540px) 100vw, 540px\" \/><\/figure>\n<\/figure>\n\n\n\n<figure class=\"wp-block-image size-full\"><img loading=\"lazy\" decoding=\"async\" width=\"540\" height=\"960\" src=\"https:\/\/iumusac.usac.edu.gt\/wp-content\/uploads\/2022\/07\/Afiche-2-empoderamiento-Economico.jpg\" alt=\"\" class=\"wp-image-953\" srcset=\"https:\/\/iumusac.usac.edu.gt\/wp-content\/uploads\/2022\/07\/Afiche-2-empoderamiento-Economico.jpg 540w, https:\/\/iumusac.usac.edu.gt\/wp-content\/uploads\/2022\/07\/Afiche-2-empoderamiento-Economico-169x300.jpg 169w\" sizes=\"(max-width: 540px) 100vw, 540px\" \/><\/figure>\n\n\n\n<figure class=\"wp-block-image size-full\"><img loading=\"lazy\" decoding=\"async\" width=\"540\" height=\"960\" src=\"https:\/\/iumusac.usac.edu.gt\/wp-content\/uploads\/2022\/07\/Afiche-1-empoderamiento-Economico.jpg\" alt=\"\" class=\"wp-image-952\" srcset=\"https:\/\/iumusac.usac.edu.gt\/wp-content\/uploads\/2022\/07\/Afiche-1-empoderamiento-Economico.jpg 540w, https:\/\/iumusac.usac.edu.gt\/wp-content\/uploads\/2022\/07\/Afiche-1-empoderamiento-Economico-169x300.jpg 169w\" sizes=\"(max-width: 540px) 100vw, 540px\" \/><\/figure>\n","protected":false},"excerpt":{"rendered":"<p>El IUMUSAC conjuntamente con M\u00e9dicos del Mundo Guatemala, ONU Mujeres, la Agencia Espa\u00f1ola de Cooperaci\u00f3n Internacional para el Desarrollo y la Junta de Comunidades de Castilla La Mancha, promovimos la Campa\u00f1a \u201cEmpoderarEsPrevenir\u201d. El lanzamiento de esta Campa\u00f1a se realiz\u00f3 el 9 de junio de 2020, con el objetivo de contribuir a generar conciencia sobre la [&hellip;]<\/p>\n","protected":false},"author":1,"featured_media":0,"comment_status":"open","ping_status":"open","sticky":false,"template":"","format":"standard","meta":{"footnotes":""},"categories":[11,13,7,5,8,1],"tags":[],"class_list":{"0":"post-951","1":"post","2":"type-post","3":"status-publish","4":"format-standard","6":"category-sabiasque","7":"category-2020-eventos","8":"category-eventos","9":"category-infografias","10":"category-noticias","11":"category-publicaciones","12":"czr-hentry"},"_links":{"self":[{"href":"https:\/\/iumusac.usac.edu.gt\/index.php?rest_route=\/wp\/v2\/posts\/951"}],"collection":[{"href":"https:\/\/iumusac.usac.edu.gt\/index.php?rest_route=\/wp\/v2\/posts"}],"about":[{"href":"https:\/\/iumusac.usac.edu.gt\/index.php?rest_route=\/wp\/v2\/types\/post"}],"author":[{"embeddable":true,"href":"https:\/\/iumusac.usac.edu.gt\/index.php?rest_route=\/wp\/v2\/users\/1"}],"replies":[{"embeddable":true,"href":"https:\/\/iumusac.usac.edu.gt\/index.php?rest_route=%2Fwp%2Fv2%2Fcomments&post=951"}],"version-history":[{"count":9,"href":"https:\/\/iumusac.usac.edu.gt\/index.php?rest_route=\/wp\/v2\/posts\/951\/revisions"}],"predecessor-version":[{"id":1141,"href":"https:\/\/iumusac.usac.edu.gt\/index.php?rest_route=\/wp\/v2\/posts\/951\/revisions\/1141"}],"wp:attachment":[{"href":"https:\/\/iumusac.usac.edu.gt\/index.php?rest_route=%2Fwp%2Fv2%2Fmedia&parent=951"}],"wp:term":[{"taxonomy":"category","embeddable":true,"href":"https:\/\/iumusac.usac.edu.gt\/index.php?rest_route=%2Fwp%2Fv2%2Fcategories&post=951"},{"taxonomy":"post_tag","embeddable":true,"href":"https:\/\/iumusac.usac.edu.gt\/index.php?rest_route=%2Fwp%2Fv2%2Ftags&post=951"}],"curies":[{"name":"wp","href":"https:\/\/api.w.org\/{rel}","templated":true}]}}