{"id":933,"date":"2022-07-07T14:24:29","date_gmt":"2022-07-07T14:24:29","guid":{"rendered":"https:\/\/iumusac.usac.edu.gt\/?p=933"},"modified":"2022-07-08T13:18:51","modified_gmt":"2022-07-08T13:18:51","slug":"933","status":"publish","type":"post","link":"https:\/\/iumusac.usac.edu.gt\/?p=933","title":{"rendered":"La violencia contra la mujer es delito"},"content":{"rendered":"\n<div class=\"wp-block-file\"><a id=\"wp-block-file--media-2493735f-befd-4f75-841a-bfa38c861155\" href=\"https:\/\/iumusac.usac.edu.gt\/wp-content\/uploads\/2022\/07\/IMG-20201126-WA0020.jpg\">IMG-20201126-WA0020<\/a><a href=\"https:\/\/iumusac.usac.edu.gt\/wp-content\/uploads\/2022\/07\/IMG-20201126-WA0020.jpg\" class=\"wp-block-file__button\" download aria-describedby=\"wp-block-file--media-2493735f-befd-4f75-841a-bfa38c861155\">Descarga<\/a><\/div>\n\n\n\n<p>En noviembre de 2020 el IUMUSAC con el apoyo de Rector\u00eda, realiz\u00f3 la Campa\u00f1a de sensibilizaci\u00f3n &#8220;La violencia contra la Mujer es Delito&#8221;, en el Marco del D\u00eda Internacional de la Eliminaci\u00f3n de la Violencia contra la Mujer, con apoyo de las redes sociales de la USAC. <\/p>\n\n\n\n<p>Como parte de la misma el 25 de enero de 2021, se transmiti\u00f3 un v\u00eddeo por TV USAC y se public\u00f3 en \u00a0Facebook, que se mantiene hasta la fecha. Como continuaci\u00f3n de esta campa\u00f1a el 23 y 24 de noviembre de 2021, se entregaron y colocaron afiches para la sensibilizaci\u00f3n sobre la prevenci\u00f3n y erradicaci\u00f3n de la violencia contra las mujeres, en distintas dependencias de los Edificios de Rector\u00eda y DIGA.\u00a0 Adem\u00e1s, se realiz\u00f3 una publicaci\u00f3n de la actividad en SOY USAC.<\/p>\n\n\n\n<figure class=\"wp-block-embed is-type-video is-provider-youtube wp-block-embed-youtube wp-embed-aspect-16-9 wp-has-aspect-ratio\"><div class=\"wp-block-embed__wrapper\">\n<iframe loading=\"lazy\" title=\"\u00a1LA VIOLENCIA CONTRA LA MUJER ES UN DELITO!\" width=\"1140\" height=\"641\" src=\"https:\/\/www.youtube.com\/embed\/GKGVh_4gAPo?feature=oembed\" frameborder=\"0\" allow=\"accelerometer; autoplay; clipboard-write; encrypted-media; gyroscope; picture-in-picture\" allowfullscreen><\/iframe>\n<\/div><\/figure>\n\n\n\n<div class=\"wp-block-file\"><a id=\"wp-block-file--media-65681c6d-b79a-48f4-9f81-4b44ea034e9a\" href=\"https:\/\/iumusac.usac.edu.gt\/wp-content\/uploads\/2022\/07\/IMG-20201126-WA0020.jpg\">IMG-20201126-WA0020<\/a><a href=\"https:\/\/iumusac.usac.edu.gt\/wp-content\/uploads\/2022\/07\/IMG-20201126-WA0020.jpg\" class=\"wp-block-file__button\" download aria-describedby=\"wp-block-file--media-65681c6d-b79a-48f4-9f81-4b44ea034e9a\">Descarga<\/a><\/div>\n\n\n\n<figure class=\"wp-block-image size-large\"><img loading=\"lazy\" decoding=\"async\" width=\"929\" height=\"1024\" src=\"https:\/\/iumusac.usac.edu.gt\/wp-content\/uploads\/2022\/07\/IMG-20201126-WA0020-929x1024.jpg\" alt=\"La violencia contra la mujer es delito. Campa\u00f1a\" class=\"wp-image-934\" srcset=\"https:\/\/iumusac.usac.edu.gt\/wp-content\/uploads\/2022\/07\/IMG-20201126-WA0020-929x1024.jpg 929w, https:\/\/iumusac.usac.edu.gt\/wp-content\/uploads\/2022\/07\/IMG-20201126-WA0020-272x300.jpg 272w, https:\/\/iumusac.usac.edu.gt\/wp-content\/uploads\/2022\/07\/IMG-20201126-WA0020-768x847.jpg 768w, https:\/\/iumusac.usac.edu.gt\/wp-content\/uploads\/2022\/07\/IMG-20201126-WA0020.jpg 1132w\" sizes=\"(max-width: 929px) 100vw, 929px\" \/><\/figure>\n","protected":false},"excerpt":{"rendered":"<p>En noviembre de 2020 el IUMUSAC con el apoyo de Rector\u00eda, realiz\u00f3 la Campa\u00f1a de sensibilizaci\u00f3n &#8220;La violencia contra la Mujer es Delito&#8221;, en el Marco del D\u00eda Internacional de la Eliminaci\u00f3n de la Violencia contra la Mujer, con apoyo de las redes sociales de la USAC. Como parte de la misma el 25 de [&hellip;]<\/p>\n","protected":false},"author":1,"featured_media":0,"comment_status":"open","ping_status":"open","sticky":false,"template":"","format":"standard","meta":{"footnotes":""},"categories":[11,13,14,5,8],"tags":[],"class_list":{"0":"post-933","1":"post","2":"type-post","3":"status-publish","4":"format-standard","6":"category-sabiasque","7":"category-2020-eventos","8":"category-2021-eventos","9":"category-infografias","10":"category-noticias","11":"czr-hentry"},"_links":{"self":[{"href":"https:\/\/iumusac.usac.edu.gt\/index.php?rest_route=\/wp\/v2\/posts\/933"}],"collection":[{"href":"https:\/\/iumusac.usac.edu.gt\/index.php?rest_route=\/wp\/v2\/posts"}],"about":[{"href":"https:\/\/iumusac.usac.edu.gt\/index.php?rest_route=\/wp\/v2\/types\/post"}],"author":[{"embeddable":true,"href":"https:\/\/iumusac.usac.edu.gt\/index.php?rest_route=\/wp\/v2\/users\/1"}],"replies":[{"embeddable":true,"href":"https:\/\/iumusac.usac.edu.gt\/index.php?rest_route=%2Fwp%2Fv2%2Fcomments&post=933"}],"version-history":[{"count":5,"href":"https:\/\/iumusac.usac.edu.gt\/index.php?rest_route=\/wp\/v2\/posts\/933\/revisions"}],"predecessor-version":[{"id":974,"href":"https:\/\/iumusac.usac.edu.gt\/index.php?rest_route=\/wp\/v2\/posts\/933\/revisions\/974"}],"wp:attachment":[{"href":"https:\/\/iumusac.usac.edu.gt\/index.php?rest_route=%2Fwp%2Fv2%2Fmedia&parent=933"}],"wp:term":[{"taxonomy":"category","embeddable":true,"href":"https:\/\/iumusac.usac.edu.gt\/index.php?rest_route=%2Fwp%2Fv2%2Fcategories&post=933"},{"taxonomy":"post_tag","embeddable":true,"href":"https:\/\/iumusac.usac.edu.gt\/index.php?rest_route=%2Fwp%2Fv2%2Ftags&post=933"}],"curies":[{"name":"wp","href":"https:\/\/api.w.org\/{rel}","templated":true}]}}