{"id":1465,"date":"2024-09-18T23:08:23","date_gmt":"2024-09-19T05:08:23","guid":{"rendered":"https:\/\/iumusac.usac.edu.gt\/?p=1465"},"modified":"2024-09-18T23:08:24","modified_gmt":"2024-09-19T05:08:24","slug":"el-enfoque-multi-e-intercultural-y-perspectiva-de-genero-en-la-educacionsuperior-una-aproximacion","status":"publish","type":"post","link":"https:\/\/iumusac.usac.edu.gt\/?p=1465","title":{"rendered":"El enfoque multi e intercultural y perspectiva de g\u00e9nero en la educaci\u00f3nsuperior: una aproximaci\u00f3n"},"content":{"rendered":"\n<div data-wp-interactive=\"core\/file\" class=\"wp-block-file\"><object data-wp-bind--hidden=\"!state.hasPdfPreview\"  class=\"wp-block-file__embed\" data=\"https:\/\/iumusac.usac.edu.gt\/wp-content\/uploads\/2016\/05\/El-enfoque-multi-e-intercultural-g\u00e9nero-educaci\u00f3n-superior.pdf\" type=\"application\/pdf\" style=\"width:100%;height:600px\" aria-label=\"Incrustado de El enfoque multi e intercultural, g\u00e9nero, educaci\u00f3n superior.\"><\/object><a id=\"wp-block-file--media-33435aab-edd0-4616-ae4d-2e6516039681\" href=\"https:\/\/iumusac.usac.edu.gt\/wp-content\/uploads\/2016\/05\/El-enfoque-multi-e-intercultural-g\u00e9nero-educaci\u00f3n-superior.pdf\">El enfoque multi e intercultural, g\u00e9nero, educaci\u00f3n superior<\/a><a href=\"https:\/\/iumusac.usac.edu.gt\/wp-content\/uploads\/2016\/05\/El-enfoque-multi-e-intercultural-g\u00e9nero-educaci\u00f3n-superior.pdf\" class=\"wp-block-file__button wp-element-button\" download aria-describedby=\"wp-block-file--media-33435aab-edd0-4616-ae4d-2e6516039681\">Descarga<\/a><\/div>\n","protected":false},"excerpt":{"rendered":"","protected":false},"author":8,"featured_media":569,"comment_status":"closed","ping_status":"closed","sticky":false,"template":"","format":"standard","meta":{"footnotes":""},"categories":[9],"tags":[],"class_list":{"0":"post-1465","1":"post","2":"type-post","3":"status-publish","4":"format-standard","5":"has-post-thumbnail","7":"category-investigaciones","8":"czr-hentry"},"_links":{"self":[{"href":"https:\/\/iumusac.usac.edu.gt\/index.php?rest_route=\/wp\/v2\/posts\/1465"}],"collection":[{"href":"https:\/\/iumusac.usac.edu.gt\/index.php?rest_route=\/wp\/v2\/posts"}],"about":[{"href":"https:\/\/iumusac.usac.edu.gt\/index.php?rest_route=\/wp\/v2\/types\/post"}],"author":[{"embeddable":true,"href":"https:\/\/iumusac.usac.edu.gt\/index.php?rest_route=\/wp\/v2\/users\/8"}],"replies":[{"embeddable":true,"href":"https:\/\/iumusac.usac.edu.gt\/index.php?rest_route=%2Fwp%2Fv2%2Fcomments&post=1465"}],"version-history":[{"count":1,"href":"https:\/\/iumusac.usac.edu.gt\/index.php?rest_route=\/wp\/v2\/posts\/1465\/revisions"}],"predecessor-version":[{"id":1466,"href":"https:\/\/iumusac.usac.edu.gt\/index.php?rest_route=\/wp\/v2\/posts\/1465\/revisions\/1466"}],"wp:featuredmedia":[{"embeddable":true,"href":"https:\/\/iumusac.usac.edu.gt\/index.php?rest_route=\/wp\/v2\/media\/569"}],"wp:attachment":[{"href":"https:\/\/iumusac.usac.edu.gt\/index.php?rest_route=%2Fwp%2Fv2%2Fmedia&parent=1465"}],"wp:term":[{"taxonomy":"category","embeddable":true,"href":"https:\/\/iumusac.usac.edu.gt\/index.php?rest_route=%2Fwp%2Fv2%2Fcategories&post=1465"},{"taxonomy":"post_tag","embeddable":true,"href":"https:\/\/iumusac.usac.edu.gt\/index.php?rest_route=%2Fwp%2Fv2%2Ftags&post=1465"}],"curies":[{"name":"wp","href":"https:\/\/api.w.org\/{rel}","templated":true}]}}