{"id":1244,"date":"2022-07-11T03:46:42","date_gmt":"2022-07-11T03:46:42","guid":{"rendered":"https:\/\/iumusac.usac.edu.gt\/?p=1244"},"modified":"2022-07-14T23:22:18","modified_gmt":"2022-07-14T23:22:18","slug":"iumusac-2022-conmemoracion-dia-internacional-de-la-mujer-8m-reconocimiento-a-destacadas-musicas","status":"publish","type":"post","link":"https:\/\/iumusac.usac.edu.gt\/?p=1244","title":{"rendered":"IUMUSAC 2022.  Conmemoraci\u00f3n D\u00eda Internacional de la Mujer 8M. Reconocimiento a destacadas m\u00fasicas"},"content":{"rendered":"\n<p>Acto de Conmemoraci\u00f3n del D\u00eda Internacional de la Mujer y XVII Aniversario de IUMUSAC<br>Acto cultural, el 28 de marzo de 2020, con la participaci\u00f3n del grupo musical femenino \u201cEnsamble entre viento y madera\u201d. Auditorio del Aula Magna Igl\u00fa, Campus Central Zona 12. <\/p>\n\n\n\n<p>Con la participaci\u00f3n del MA. Pablo Oliva Soto, Rector en funciones, Dra. Alice Burgos, Directora General de Docencia -DIGED, Licda. Karina Rodas, Directora de IUMUSAC, e invitados especiales, la se\u00f1ora Dulce V\u00e1squez y el se\u00f1or Carlos Arana, Comisionados Presidenciales Contra la Discriminaci\u00f3n y el Racismo Contra los Pueblos Ind\u00edgenas en Guatemala -CODISRA. <\/p>\n\n\n\n<p>Reconocimientos a la m\u00fasicas que integran el Grupo  \u201cEnsamble entre viento y madera\u201d por su amplia trayectoria nacional e internacional <\/p>\n\n\n\n<ul class=\"wp-block-list\"><li>Telma Diaz, viento fagote <\/li><li>Gabriela Corleto, viento flauta<\/li><li>Blanca Luz Delgado, madera marimba<\/li><li>Daniela Celeste Arrec\u00eds, madera marimba<\/li><\/ul>\n\n\n\n<p>Agradecimiento especial a la Marimba de Conciertos de Guatemala, del Ministerio de Cultura y Deporte de Guatemala, a la Direcci\u00f3n General de Extensi\u00f3n Universitaria de la USAC, y a la Divisi\u00f3n de Protocolo de la USAC, por el apoyo log\u00edstico y de montaje para la realizaci\u00f3n del evento. <\/p>\n\n\n\n<p><\/p>\n\n\n\n<figure class=\"wp-block-image size-large\"><img loading=\"lazy\" decoding=\"async\" width=\"1024\" height=\"682\" src=\"https:\/\/iumusac.usac.edu.gt\/wp-content\/uploads\/2022\/07\/IMG-20220328-WA0020-1024x682.jpg\" alt=\"\" class=\"wp-image-1245\" srcset=\"https:\/\/iumusac.usac.edu.gt\/wp-content\/uploads\/2022\/07\/IMG-20220328-WA0020-1024x682.jpg 1024w, https:\/\/iumusac.usac.edu.gt\/wp-content\/uploads\/2022\/07\/IMG-20220328-WA0020-300x200.jpg 300w, https:\/\/iumusac.usac.edu.gt\/wp-content\/uploads\/2022\/07\/IMG-20220328-WA0020-768x512.jpg 768w, https:\/\/iumusac.usac.edu.gt\/wp-content\/uploads\/2022\/07\/IMG-20220328-WA0020-1536x1023.jpg 1536w, https:\/\/iumusac.usac.edu.gt\/wp-content\/uploads\/2022\/07\/IMG-20220328-WA0020.jpg 1600w\" sizes=\"(max-width: 1024px) 100vw, 1024px\" \/><\/figure>\n\n\n\n<figure class=\"wp-block-image size-large\"><img loading=\"lazy\" decoding=\"async\" width=\"1024\" height=\"682\" src=\"https:\/\/iumusac.usac.edu.gt\/wp-content\/uploads\/2022\/07\/IMG-20220328-WA0031-1024x682.jpg\" alt=\"\" class=\"wp-image-1248\" srcset=\"https:\/\/iumusac.usac.edu.gt\/wp-content\/uploads\/2022\/07\/IMG-20220328-WA0031-1024x682.jpg 1024w, https:\/\/iumusac.usac.edu.gt\/wp-content\/uploads\/2022\/07\/IMG-20220328-WA0031-300x200.jpg 300w, https:\/\/iumusac.usac.edu.gt\/wp-content\/uploads\/2022\/07\/IMG-20220328-WA0031-768x512.jpg 768w, https:\/\/iumusac.usac.edu.gt\/wp-content\/uploads\/2022\/07\/IMG-20220328-WA0031-1536x1023.jpg 1536w, https:\/\/iumusac.usac.edu.gt\/wp-content\/uploads\/2022\/07\/IMG-20220328-WA0031.jpg 1600w\" sizes=\"(max-width: 1024px) 100vw, 1024px\" \/><\/figure>\n\n\n\n<p> <\/p>\n\n\n\n<figure class=\"wp-block-image size-large\"><img loading=\"lazy\" decoding=\"async\" width=\"1024\" height=\"682\" src=\"https:\/\/iumusac.usac.edu.gt\/wp-content\/uploads\/2022\/07\/IMG-20220328-WA0027-1024x682.jpg\" alt=\"\" class=\"wp-image-1246\" srcset=\"https:\/\/iumusac.usac.edu.gt\/wp-content\/uploads\/2022\/07\/IMG-20220328-WA0027-1024x682.jpg 1024w, https:\/\/iumusac.usac.edu.gt\/wp-content\/uploads\/2022\/07\/IMG-20220328-WA0027-300x200.jpg 300w, https:\/\/iumusac.usac.edu.gt\/wp-content\/uploads\/2022\/07\/IMG-20220328-WA0027-768x512.jpg 768w, https:\/\/iumusac.usac.edu.gt\/wp-content\/uploads\/2022\/07\/IMG-20220328-WA0027-1536x1023.jpg 1536w, https:\/\/iumusac.usac.edu.gt\/wp-content\/uploads\/2022\/07\/IMG-20220328-WA0027.jpg 1600w\" sizes=\"(max-width: 1024px) 100vw, 1024px\" \/><\/figure>\n\n\n\n<p><\/p>\n\n\n\n<figure class=\"wp-block-image size-large\"><img loading=\"lazy\" decoding=\"async\" width=\"1024\" height=\"682\" src=\"https:\/\/iumusac.usac.edu.gt\/wp-content\/uploads\/2022\/07\/IMG-20220328-WA0028-1024x682.jpg\" alt=\"\" class=\"wp-image-1247\" srcset=\"https:\/\/iumusac.usac.edu.gt\/wp-content\/uploads\/2022\/07\/IMG-20220328-WA0028-1024x682.jpg 1024w, https:\/\/iumusac.usac.edu.gt\/wp-content\/uploads\/2022\/07\/IMG-20220328-WA0028-300x200.jpg 300w, https:\/\/iumusac.usac.edu.gt\/wp-content\/uploads\/2022\/07\/IMG-20220328-WA0028-768x512.jpg 768w, https:\/\/iumusac.usac.edu.gt\/wp-content\/uploads\/2022\/07\/IMG-20220328-WA0028-1536x1023.jpg 1536w, https:\/\/iumusac.usac.edu.gt\/wp-content\/uploads\/2022\/07\/IMG-20220328-WA0028.jpg 1600w\" sizes=\"(max-width: 1024px) 100vw, 1024px\" \/><\/figure>\n\n\n\n<p><\/p>\n\n\n\n<figure class=\"wp-block-image size-large\"><img loading=\"lazy\" decoding=\"async\" width=\"1024\" height=\"682\" src=\"https:\/\/iumusac.usac.edu.gt\/wp-content\/uploads\/2022\/07\/IMG-20220328-WA0018-1024x682.jpg\" alt=\"\" class=\"wp-image-1249\" srcset=\"https:\/\/iumusac.usac.edu.gt\/wp-content\/uploads\/2022\/07\/IMG-20220328-WA0018-1024x682.jpg 1024w, https:\/\/iumusac.usac.edu.gt\/wp-content\/uploads\/2022\/07\/IMG-20220328-WA0018-300x200.jpg 300w, https:\/\/iumusac.usac.edu.gt\/wp-content\/uploads\/2022\/07\/IMG-20220328-WA0018-768x512.jpg 768w, https:\/\/iumusac.usac.edu.gt\/wp-content\/uploads\/2022\/07\/IMG-20220328-WA0018-1536x1023.jpg 1536w, https:\/\/iumusac.usac.edu.gt\/wp-content\/uploads\/2022\/07\/IMG-20220328-WA0018.jpg 1600w\" sizes=\"(max-width: 1024px) 100vw, 1024px\" \/><\/figure>\n\n\n\n<figure class=\"wp-block-image size-large\"><img loading=\"lazy\" decoding=\"async\" width=\"1024\" height=\"682\" src=\"https:\/\/iumusac.usac.edu.gt\/wp-content\/uploads\/2022\/07\/IMG-20220328-WA0030-1024x682.jpg\" alt=\"\" class=\"wp-image-1283\" srcset=\"https:\/\/iumusac.usac.edu.gt\/wp-content\/uploads\/2022\/07\/IMG-20220328-WA0030-1024x682.jpg 1024w, https:\/\/iumusac.usac.edu.gt\/wp-content\/uploads\/2022\/07\/IMG-20220328-WA0030-300x200.jpg 300w, https:\/\/iumusac.usac.edu.gt\/wp-content\/uploads\/2022\/07\/IMG-20220328-WA0030-768x512.jpg 768w, https:\/\/iumusac.usac.edu.gt\/wp-content\/uploads\/2022\/07\/IMG-20220328-WA0030-1536x1023.jpg 1536w, https:\/\/iumusac.usac.edu.gt\/wp-content\/uploads\/2022\/07\/IMG-20220328-WA0030.jpg 1600w\" sizes=\"(max-width: 1024px) 100vw, 1024px\" \/><\/figure>\n","protected":false},"excerpt":{"rendered":"<p>Acto de Conmemoraci\u00f3n del D\u00eda Internacional de la Mujer y XVII Aniversario de IUMUSACActo cultural, el 28 de marzo de 2020, con la participaci\u00f3n del grupo musical femenino \u201cEnsamble entre viento y madera\u201d. Auditorio del Aula Magna Igl\u00fa, Campus Central Zona 12. Con la participaci\u00f3n del MA. Pablo Oliva Soto, Rector en funciones, Dra. Alice [&hellip;]<\/p>\n","protected":false},"author":1,"featured_media":0,"comment_status":"open","ping_status":"open","sticky":false,"template":"","format":"standard","meta":{"footnotes":""},"categories":[18,7,8,1],"tags":[],"class_list":{"0":"post-1244","1":"post","2":"type-post","3":"status-publish","4":"format-standard","6":"category-2022-eventos","7":"category-eventos","8":"category-noticias","9":"category-publicaciones","10":"czr-hentry"},"_links":{"self":[{"href":"https:\/\/iumusac.usac.edu.gt\/index.php?rest_route=\/wp\/v2\/posts\/1244"}],"collection":[{"href":"https:\/\/iumusac.usac.edu.gt\/index.php?rest_route=\/wp\/v2\/posts"}],"about":[{"href":"https:\/\/iumusac.usac.edu.gt\/index.php?rest_route=\/wp\/v2\/types\/post"}],"author":[{"embeddable":true,"href":"https:\/\/iumusac.usac.edu.gt\/index.php?rest_route=\/wp\/v2\/users\/1"}],"replies":[{"embeddable":true,"href":"https:\/\/iumusac.usac.edu.gt\/index.php?rest_route=%2Fwp%2Fv2%2Fcomments&post=1244"}],"version-history":[{"count":2,"href":"https:\/\/iumusac.usac.edu.gt\/index.php?rest_route=\/wp\/v2\/posts\/1244\/revisions"}],"predecessor-version":[{"id":1284,"href":"https:\/\/iumusac.usac.edu.gt\/index.php?rest_route=\/wp\/v2\/posts\/1244\/revisions\/1284"}],"wp:attachment":[{"href":"https:\/\/iumusac.usac.edu.gt\/index.php?rest_route=%2Fwp%2Fv2%2Fmedia&parent=1244"}],"wp:term":[{"taxonomy":"category","embeddable":true,"href":"https:\/\/iumusac.usac.edu.gt\/index.php?rest_route=%2Fwp%2Fv2%2Fcategories&post=1244"},{"taxonomy":"post_tag","embeddable":true,"href":"https:\/\/iumusac.usac.edu.gt\/index.php?rest_route=%2Fwp%2Fv2%2Ftags&post=1244"}],"curies":[{"name":"wp","href":"https:\/\/api.w.org\/{rel}","templated":true}]}}