{"id":1238,"date":"2022-07-11T03:00:02","date_gmt":"2022-07-11T03:00:02","guid":{"rendered":"https:\/\/iumusac.usac.edu.gt\/?p=1238"},"modified":"2022-07-11T03:01:11","modified_gmt":"2022-07-11T03:01:11","slug":"iumusac-2020-conmemoracion-dia-internacional-de-la-mujer-entrega-de-reconocimiento-a-trabajadoras-universitarias","status":"publish","type":"post","link":"https:\/\/iumusac.usac.edu.gt\/?p=1238","title":{"rendered":"IUMUSAC 2020.  Conmemoraci\u00f3n D\u00eda Internacional de la Mujer. Entrega de reconocimiento a trabajadoras universitarias"},"content":{"rendered":"\n<p>Tomado de la publicaci\u00f3n de Soy USAC <\/p>\n\n\n\n<p><a href=\"https:\/\/soy.usac.edu.gt\/?p=10989\">USAC homenajea a mujeres destacadas | Soy Usac<\/a><\/p>\n\n\n\n<p>En 2020 se cumplen 15 a\u00f1os de la creaci\u00f3n del Instituto Universitario de la Mujer, -IUMUSAC-\u00f3rgano encargado de\u00a0las pol\u00edticas y acciones universitarias a favor del desarrollo de las mujeres y la equidad de g\u00e9nero en la educaci\u00f3n superior. En el marco del aniversario de fundaci\u00f3n y\u00a0el D\u00eda Internacional de la Mujer, se conmemor\u00f3 el loable desempe\u00f1o de las trabajadoras y estudiantes universitarias.<\/p>\n\n\n\n<p>Antes de entregar el reconocimiento, se cont\u00f3 con algunas apreciaciones sobre la igualdad de g\u00e9nero a cargo ONU Mujeres, representada por la profesional Ana Isabel Garita, quien enfatiz\u00f3 que actualmente la equidad debe ser trazada en los 17 Objetivos de Desarrollo Sostenible de la Agenda 2030; ac\u00e1 se fijan metas a cumplirse dentro de 10 a\u00f1os, en la b\u00fasqueda de erradicar la pobreza y el hambre; la obtenci\u00f3n de&nbsp; empleos dignos; as\u00ed como evitar la migraci\u00f3n y las crisis econ\u00f3micas.<\/p>\n\n\n\n<p>Ana Garita afirm\u00f3 que otro problema que determina la superaci\u00f3n de las mujeres es la obstaculizaci\u00f3n entre las mismas mujeres, por el hecho de vivir en un contexto patriarcal. La profesional de\u00a0 ONU Mujeres explic\u00f3 que, al crecer en ese entorno, la mujer tiende a competir con sus similares en cuestiones banales, lo cual limita la capacidad de trascender en niveles acad\u00e9micos de educaci\u00f3n.<\/p>\n\n\n\n<p>Karina Rodas, directora de IMUSAC, recalc\u00f3\u00a0 que para buscar el desarrollo de las mujeres se debe aspirar a que se empoderen en todos los \u00e1mbitos, incluyendo los puestos de toma de decisiones. La realidad de cada mujer es distinta y hay que atender sus necesidades con base en el contexto donde se desenvuelve.<\/p>\n\n\n\n<p>Teniendo en cuenta que muchas son madres solteras, mujeres en pobreza extrema o con jornadas laborales que superan las 8 horas, Rodas subray\u00f3 que la soluci\u00f3n de es abrir los recintos y espacios acad\u00e9micos universitarios para dar oportunidades a las mujeres, con el fin de generar un desarrollo igualitario basado en los Objetivos de Desarrollo Sostenible.<\/p>\n\n\n\n<p>La agenda de la actividad fue amplia con entrega de reconocimientos en homenaje a las mujeres sancarlistas y por el XV Aniversario del IUMUSAC <\/p>\n\n\n\n<figure class=\"wp-block-image size-large\"><img loading=\"lazy\" decoding=\"async\" width=\"1024\" height=\"576\" src=\"https:\/\/iumusac.usac.edu.gt\/wp-content\/uploads\/2022\/07\/Diapositiva1-1024x576.jpg\" alt=\"\" class=\"wp-image-1239\" srcset=\"https:\/\/iumusac.usac.edu.gt\/wp-content\/uploads\/2022\/07\/Diapositiva1-1024x576.jpg 1024w, https:\/\/iumusac.usac.edu.gt\/wp-content\/uploads\/2022\/07\/Diapositiva1-300x169.jpg 300w, https:\/\/iumusac.usac.edu.gt\/wp-content\/uploads\/2022\/07\/Diapositiva1-768x432.jpg 768w, https:\/\/iumusac.usac.edu.gt\/wp-content\/uploads\/2022\/07\/Diapositiva1-1110x624.jpg 1110w, https:\/\/iumusac.usac.edu.gt\/wp-content\/uploads\/2022\/07\/Diapositiva1-528x297.jpg 528w, https:\/\/iumusac.usac.edu.gt\/wp-content\/uploads\/2022\/07\/Diapositiva1.jpg 1280w\" sizes=\"(max-width: 1024px) 100vw, 1024px\" \/><\/figure>\n\n\n\n<figure class=\"wp-block-image size-large\"><img loading=\"lazy\" decoding=\"async\" width=\"1024\" height=\"683\" src=\"https:\/\/iumusac.usac.edu.gt\/wp-content\/uploads\/2022\/07\/8-de-marzo-2020-reconocimientos-1024x683.jpg\" alt=\"\" class=\"wp-image-1240\" srcset=\"https:\/\/iumusac.usac.edu.gt\/wp-content\/uploads\/2022\/07\/8-de-marzo-2020-reconocimientos-1024x683.jpg 1024w, https:\/\/iumusac.usac.edu.gt\/wp-content\/uploads\/2022\/07\/8-de-marzo-2020-reconocimientos-300x200.jpg 300w, https:\/\/iumusac.usac.edu.gt\/wp-content\/uploads\/2022\/07\/8-de-marzo-2020-reconocimientos-768x512.jpg 768w, https:\/\/iumusac.usac.edu.gt\/wp-content\/uploads\/2022\/07\/8-de-marzo-2020-reconocimientos-1536x1024.jpg 1536w, https:\/\/iumusac.usac.edu.gt\/wp-content\/uploads\/2022\/07\/8-de-marzo-2020-reconocimientos.jpg 2048w\" sizes=\"(max-width: 1024px) 100vw, 1024px\" \/><\/figure>\n\n\n\n<p><\/p>\n\n\n\n<p>Reconocimiento a trabajadoras y estudiante de la USAC que se encuentran en lugares de toma de decisi\u00f3n, siendo las mujeres homenajeadas:<\/p>\n\n\n\n<ul class=\"wp-block-list\"><li>Ingeniera\u00a0 Anabela C\u00f3rdova \/ Decana de la Facultad de Ingenier\u00eda\u00a0<\/li><li>Ingeniera Wendy\u00a0 L\u00f3pez \/ Directora general de Administraci\u00f3n<\/li><li>Arquitecta Michele G\u00f3mez \/\u00a0 Coordinadora general de Planificaci\u00f3n\u00a0<\/li><li>Ms.c. Alejandra\u00a0 Recinos \/ Coordinadora de la Divisi\u00f3n de Educaci\u00f3n a Distancia en Entornos Virtuales\u00a0<\/li><li>Ingeniera Regina Valiente \/ Coordinadora del Programa EPSUM\u00a0<\/li><li>Licenciada Maritza Moreira \/ Administradora del Colegio Santo Tom\u00e1s, Antigua Guatemala<\/li><li>Doctora Lorena Boix \/ Directora del\u00a0 Centro de Estudios del Mar y Acuicultura (CEMA)<\/li><li>Bachiller Lenina Garc\u00eda\u00a0 \/ Secretaria AEU 2017-2019 Primera Secretaria de la Asociaci\u00f3n de Estudiantes Universitarios &#8211; AEU- Casta\u00f1eda de Le\u00f3n.<\/li><\/ul>\n\n\n\n<p> <\/p>\n\n\n\n<figure class=\"wp-block-image size-full\"><img loading=\"lazy\" decoding=\"async\" width=\"900\" height=\"600\" src=\"https:\/\/iumusac.usac.edu.gt\/wp-content\/uploads\/2022\/07\/8-de-marzo-2020-reconocimiento.jpg\" alt=\"\" class=\"wp-image-1241\" srcset=\"https:\/\/iumusac.usac.edu.gt\/wp-content\/uploads\/2022\/07\/8-de-marzo-2020-reconocimiento.jpg 900w, https:\/\/iumusac.usac.edu.gt\/wp-content\/uploads\/2022\/07\/8-de-marzo-2020-reconocimiento-300x200.jpg 300w, https:\/\/iumusac.usac.edu.gt\/wp-content\/uploads\/2022\/07\/8-de-marzo-2020-reconocimiento-768x512.jpg 768w\" sizes=\"(max-width: 900px) 100vw, 900px\" \/><figcaption>Reconocimiento a Inga. Anabela C\u00f3rdova, Primera Decana en la Facultad de Ingenier\u00eda de la USAC<\/figcaption><\/figure>\n\n\n\n<p><\/p>\n\n\n\n<p><strong>Por el Aniversario del IUMUSAC reconocimiento al recurso humano de la dependencia universitaria.<\/strong><\/p>\n\n\n\n<figure class=\"wp-block-image size-large\"><img loading=\"lazy\" decoding=\"async\" width=\"1024\" height=\"681\" src=\"https:\/\/iumusac.usac.edu.gt\/wp-content\/uploads\/2022\/07\/18-1024x681.jpg\" alt=\"\" class=\"wp-image-1242\" srcset=\"https:\/\/iumusac.usac.edu.gt\/wp-content\/uploads\/2022\/07\/18-1024x681.jpg 1024w, https:\/\/iumusac.usac.edu.gt\/wp-content\/uploads\/2022\/07\/18-300x200.jpg 300w, https:\/\/iumusac.usac.edu.gt\/wp-content\/uploads\/2022\/07\/18-768x511.jpg 768w, https:\/\/iumusac.usac.edu.gt\/wp-content\/uploads\/2022\/07\/18.jpg 1200w\" sizes=\"(max-width: 1024px) 100vw, 1024px\" \/><\/figure>\n\n\n\n<p>Reconocimiento al personal del IUMUSAC por el XV aniversario: Coordinadoras del IUMUSAC, Licda. Lucrecia Vicente Franco, del \u00e1rea de docencia, Mtra. Sandra Collado, del \u00e1rea de extensi\u00f3n, y Dra. Carmen Yolanda L\u00f3pez, del \u00e1rea de investigaci\u00f3n. Investigadoras: Licda. Mar\u00eda del Carmen T\u00e1nchez, Licda. Corina M\u00e9ndez L\u00f3pez y Mtra. Dina Mazariegos, se\u00f1oritas: M\u00f3nica Casta\u00f1\u00f3n, oficinista y Carolina Cifuentes, servicios varios.  <\/p>\n\n\n\n<p><\/p>\n\n\n\n<p><\/p>\n","protected":false},"excerpt":{"rendered":"<p>Tomado de la publicaci\u00f3n de Soy USAC USAC homenajea a mujeres destacadas | Soy Usac En 2020 se cumplen 15 a\u00f1os de la creaci\u00f3n del Instituto Universitario de la Mujer, -IUMUSAC-\u00f3rgano encargado de\u00a0las pol\u00edticas y acciones universitarias a favor del desarrollo de las mujeres y la equidad de g\u00e9nero en la educaci\u00f3n superior. En el [&hellip;]<\/p>\n","protected":false},"author":1,"featured_media":0,"comment_status":"open","ping_status":"open","sticky":false,"template":"","format":"standard","meta":{"footnotes":""},"categories":[13,7,8,1],"tags":[],"class_list":{"0":"post-1238","1":"post","2":"type-post","3":"status-publish","4":"format-standard","6":"category-2020-eventos","7":"category-eventos","8":"category-noticias","9":"category-publicaciones","10":"czr-hentry"},"_links":{"self":[{"href":"https:\/\/iumusac.usac.edu.gt\/index.php?rest_route=\/wp\/v2\/posts\/1238"}],"collection":[{"href":"https:\/\/iumusac.usac.edu.gt\/index.php?rest_route=\/wp\/v2\/posts"}],"about":[{"href":"https:\/\/iumusac.usac.edu.gt\/index.php?rest_route=\/wp\/v2\/types\/post"}],"author":[{"embeddable":true,"href":"https:\/\/iumusac.usac.edu.gt\/index.php?rest_route=\/wp\/v2\/users\/1"}],"replies":[{"embeddable":true,"href":"https:\/\/iumusac.usac.edu.gt\/index.php?rest_route=%2Fwp%2Fv2%2Fcomments&post=1238"}],"version-history":[{"count":1,"href":"https:\/\/iumusac.usac.edu.gt\/index.php?rest_route=\/wp\/v2\/posts\/1238\/revisions"}],"predecessor-version":[{"id":1243,"href":"https:\/\/iumusac.usac.edu.gt\/index.php?rest_route=\/wp\/v2\/posts\/1238\/revisions\/1243"}],"wp:attachment":[{"href":"https:\/\/iumusac.usac.edu.gt\/index.php?rest_route=%2Fwp%2Fv2%2Fmedia&parent=1238"}],"wp:term":[{"taxonomy":"category","embeddable":true,"href":"https:\/\/iumusac.usac.edu.gt\/index.php?rest_route=%2Fwp%2Fv2%2Fcategories&post=1238"},{"taxonomy":"post_tag","embeddable":true,"href":"https:\/\/iumusac.usac.edu.gt\/index.php?rest_route=%2Fwp%2Fv2%2Ftags&post=1238"}],"curies":[{"name":"wp","href":"https:\/\/api.w.org\/{rel}","templated":true}]}}