{"id":1217,"date":"2022-07-10T13:50:31","date_gmt":"2022-07-10T13:50:31","guid":{"rendered":"https:\/\/iumusac.usac.edu.gt\/?p=1217"},"modified":"2022-07-10T13:51:18","modified_gmt":"2022-07-10T13:51:18","slug":"iumusac-2020-alaide-foppa-doctora-honoris-causa-in-memoria-homenaje-y-reconocimiento-a-mujer-intelectual","status":"publish","type":"post","link":"https:\/\/iumusac.usac.edu.gt\/?p=1217","title":{"rendered":"IUMUSAC 2020. Ala\u00edde Foppa Doctora Honoris Causa In Memoria. Homenaje y Reconocimiento a mujer intelectual"},"content":{"rendered":"\n<p>El Instituto Universitario de la Mujer de la USAC (IUMUSAC) solicit\u00f3 a las autoridades universitarias conceder la referida distinci\u00f3n y, seg\u00fan el acta 20-2015, el CSU decidi\u00f3 en sesi\u00f3n ordinaria conferir el t\u00edtulo indicado a la maestra Foppa, luego de considerar la informaci\u00f3n emitida por la Comisi\u00f3n de Docencia e Investigaci\u00f3n, la cual conoci\u00f3 y evalu\u00f3 con base en las leyes universitarias el expediente de m\u00e9rito.<\/p>\n\n\n\n<p>El Consejo Superior Universitario (CSU) concedi\u00f3 un homenaje p\u00f3stumo a la maestra Ala\u00edde Foppa otorg\u00e1ndole in mem\u00f3riam la distinci\u00f3n doctora honoris causa en un acto conmemorativo realizado en el museo universitario, al que asistieron autoridades, catedr\u00e1ticos, estudiantes, profesionales e invitados especiales.<\/p>\n\n\n\n<p>\u201cPor su extraordinaria contribuci\u00f3n al desarrollo de las letras, la poes\u00eda y el arte, as\u00ed como a la justa lucha por los derechos de las mujeres y la equidad de g\u00e9nero, lo cual sent\u00f3 un ejemplo de conducta para las generaciones futuras\u201d, refiere el t\u00edtulo que el Ing. Murphy Paiz, Rector de la USAC, entreg\u00f3 al maestro Julio Sol\u00f3rzano Foppa, hijo y representante de la homenajeada.<\/p>\n\n\n\n<p>El art\u00edculo 105 del estatuto del indicado centro de estudios superiores establece que el CSU otorgar\u00e1 el t\u00edtulo de doctor honoris causa, por iniciativa propia o a solicitud de los \u00f3rganos de direcci\u00f3n de las unidades acad\u00e9micas, a quien destaque en alguna de las disciplinas cient\u00edficas, sea catedr\u00e1tico eminente o rector en el extranjero, haya contribuido al progreso de la humanidad por medio de inventos o descubrimientos de alto valor, o haya demostrado especial inter\u00e9s por el pueblo de Guatemala contribuyendo eficazmente a su elevaci\u00f3n cultural y beneficio social.<\/p>\n\n\n\n<p>Ala\u00edde Foppa naci\u00f3 el 3 de diciembre de 1914 en Barcelona, Espa\u00f1a. Hija del diplom\u00e1tico, periodista y dramaturgo italiano argentino Tito Livio Foppa y de la guatemalteca Julia Falla.<\/p>\n\n\n\n<p>Realiz\u00f3 sus estudios en Italia y B\u00e9lgica hasta culminar su carreta universitaria en el Departamento de Letras y de Historia del Arte en Roma.<\/p>\n\n\n\n<p>Arrib\u00f3 a Guatemala en 1943, poco antes del fin de la dictadura de Jorge Ubico, asumi\u00f3 la nacionalidad guatemalteca y se identific\u00f3 con el nuevo proceso pol\u00edtico de 1944.<\/p>\n\n\n\n<p>Despu\u00e9s del golpe de Estado en Guatemala, ella y su familia salieron al exilio y se instalaron en M\u00e9xico, donde escribi\u00f3 gran parte de su obra po\u00e9tica y pedag\u00f3gica, coordin\u00f3 el Departamento de Letras Italianas y cre\u00f3 la C\u00e1tedra de Sociolog\u00eda de la Mujer en la Universidad Nacional Aut\u00f3noma de M\u00e9xico.<\/p>\n\n\n\n<p>Publicaci\u00f3n y fotos de Soy USAC. Fuente: <\/p>\n\n\n\n<p><a href=\"https:\/\/soy.usac.edu.gt\/?p=11068\">https:\/\/soy.usac.edu.gt\/?p=11068<\/a><\/p>\n\n\n\n<figure class=\"wp-block-image size-large\"><img loading=\"lazy\" decoding=\"async\" width=\"1024\" height=\"682\" src=\"https:\/\/iumusac.usac.edu.gt\/wp-content\/uploads\/2022\/07\/WhatsApp-Image-2020-03-06-at-7.00.01-PM-1024x682.jpeg\" alt=\"\" class=\"wp-image-1219\" srcset=\"https:\/\/iumusac.usac.edu.gt\/wp-content\/uploads\/2022\/07\/WhatsApp-Image-2020-03-06-at-7.00.01-PM-1024x682.jpeg 1024w, https:\/\/iumusac.usac.edu.gt\/wp-content\/uploads\/2022\/07\/WhatsApp-Image-2020-03-06-at-7.00.01-PM-300x200.jpeg 300w, https:\/\/iumusac.usac.edu.gt\/wp-content\/uploads\/2022\/07\/WhatsApp-Image-2020-03-06-at-7.00.01-PM-768x512.jpeg 768w, https:\/\/iumusac.usac.edu.gt\/wp-content\/uploads\/2022\/07\/WhatsApp-Image-2020-03-06-at-7.00.01-PM.jpeg 1280w\" sizes=\"(max-width: 1024px) 100vw, 1024px\" \/><\/figure>\n","protected":false},"excerpt":{"rendered":"<p>El Instituto Universitario de la Mujer de la USAC (IUMUSAC) solicit\u00f3 a las autoridades universitarias conceder la referida distinci\u00f3n y, seg\u00fan el acta 20-2015, el CSU decidi\u00f3 en sesi\u00f3n ordinaria conferir el t\u00edtulo indicado a la maestra Foppa, luego de considerar la informaci\u00f3n emitida por la Comisi\u00f3n de Docencia e Investigaci\u00f3n, la cual conoci\u00f3 y [&hellip;]<\/p>\n","protected":false},"author":1,"featured_media":0,"comment_status":"open","ping_status":"open","sticky":false,"template":"","format":"standard","meta":{"footnotes":""},"categories":[13,7,8,1],"tags":[],"class_list":{"0":"post-1217","1":"post","2":"type-post","3":"status-publish","4":"format-standard","6":"category-2020-eventos","7":"category-eventos","8":"category-noticias","9":"category-publicaciones","10":"czr-hentry"},"_links":{"self":[{"href":"https:\/\/iumusac.usac.edu.gt\/index.php?rest_route=\/wp\/v2\/posts\/1217"}],"collection":[{"href":"https:\/\/iumusac.usac.edu.gt\/index.php?rest_route=\/wp\/v2\/posts"}],"about":[{"href":"https:\/\/iumusac.usac.edu.gt\/index.php?rest_route=\/wp\/v2\/types\/post"}],"author":[{"embeddable":true,"href":"https:\/\/iumusac.usac.edu.gt\/index.php?rest_route=\/wp\/v2\/users\/1"}],"replies":[{"embeddable":true,"href":"https:\/\/iumusac.usac.edu.gt\/index.php?rest_route=%2Fwp%2Fv2%2Fcomments&post=1217"}],"version-history":[{"count":2,"href":"https:\/\/iumusac.usac.edu.gt\/index.php?rest_route=\/wp\/v2\/posts\/1217\/revisions"}],"predecessor-version":[{"id":1220,"href":"https:\/\/iumusac.usac.edu.gt\/index.php?rest_route=\/wp\/v2\/posts\/1217\/revisions\/1220"}],"wp:attachment":[{"href":"https:\/\/iumusac.usac.edu.gt\/index.php?rest_route=%2Fwp%2Fv2%2Fmedia&parent=1217"}],"wp:term":[{"taxonomy":"category","embeddable":true,"href":"https:\/\/iumusac.usac.edu.gt\/index.php?rest_route=%2Fwp%2Fv2%2Fcategories&post=1217"},{"taxonomy":"post_tag","embeddable":true,"href":"https:\/\/iumusac.usac.edu.gt\/index.php?rest_route=%2Fwp%2Fv2%2Ftags&post=1217"}],"curies":[{"name":"wp","href":"https:\/\/api.w.org\/{rel}","templated":true}]}}