{"id":1103,"date":"2022-07-08T18:00:57","date_gmt":"2022-07-08T18:00:57","guid":{"rendered":"https:\/\/iumusac.usac.edu.gt\/?p=1103"},"modified":"2022-07-08T18:20:36","modified_gmt":"2022-07-08T18:20:36","slug":"karina-rodas-tomo-posesion-como-directora-del-instituto-universitario-de-la-mujer-iumusac-universidad-de-san-carlos-de-guatemala","status":"publish","type":"post","link":"https:\/\/iumusac.usac.edu.gt\/?p=1103","title":{"rendered":"KARINA RODAS tom\u00f3 posesi\u00f3n como DIRECTORA DEL INSTITUTO UNIVERSITARIO DE LA MUJER -IUMUSAC &#8211; UNIVERSIDAD DE SAN CARLOS DE GUATEMALA"},"content":{"rendered":"\n<p>El 10 de enero de 2019, la Licda. Vilma Karina Rodas Recinos, tom\u00f3 posesi\u00f3n como Directora del Instituto Universitario de la Mujer de la Universidad de San Carlos de Guatemala, \u201cLicda. Miriam Ileana Maldonado Batres\u201d, juramentada por el Se\u00f1or Rector, Ing. Murphy Paiz, y Se\u00f1or Secretario Arq. Carlos Valladares.<\/p>\n\n\n\n<p>La Directora Rodas, Abogada y Notaria, tiene amplia experiencia en el sistema internacional de los derechos humanos de las mujeres, pueblos originarios, g\u00e9nero, pol\u00edticas p\u00fablicas, gesti\u00f3n y administraci\u00f3n p\u00fablica, liderazgo y desarrollo, docencia universitaria, innovaci\u00f3n educativa e investigaci\u00f3n. Ha tenido una participaci\u00f3n activa en la Facultad de Ciencias Jur\u00eddicas y Sociales desde el 2009, como profesora, asesora de tesis, examinadora de privados, candidata al Doctorado en Derecho, entre otros.<\/p>\n\n\n\n<p>La Directora Rodas ha indicado que enfocar\u00e1 su gesti\u00f3n en orientar el trabajo del IUMUSAC hacia el fortalecimiento de la equidad de g\u00e9nero en la docencia, investigaci\u00f3n y extensi\u00f3n universitaria. \u00a0Incorporar\u00e1 la ciencia, la innovaci\u00f3n y tecnolog\u00eda para el beneficio de las mujeres universitarias y sociedad guatemalteca, para contribuir a mejorar la calidad de vida de todas y todos. \u201cExhorto a todos los miembros de la USAC, a trabajar conjuntamente para alcanzar nuestros objetivos de una universidad, m\u00e1s equitativa, incluyente y justa\u201d Licda. Karina Rodas, Directora IUMUSAC.  <\/p>\n\n\n\n<figure class=\"wp-block-image size-large\"><img loading=\"lazy\" decoding=\"async\" width=\"791\" height=\"1024\" src=\"https:\/\/iumusac.usac.edu.gt\/wp-content\/uploads\/2022\/07\/Nota-Posesion-Licda.-Karina-Rodas-Directora-IUMUSAC-1-791x1024.jpg\" alt=\"\" class=\"wp-image-1108\" srcset=\"https:\/\/iumusac.usac.edu.gt\/wp-content\/uploads\/2022\/07\/Nota-Posesion-Licda.-Karina-Rodas-Directora-IUMUSAC-1-791x1024.jpg 791w, https:\/\/iumusac.usac.edu.gt\/wp-content\/uploads\/2022\/07\/Nota-Posesion-Licda.-Karina-Rodas-Directora-IUMUSAC-1-232x300.jpg 232w, https:\/\/iumusac.usac.edu.gt\/wp-content\/uploads\/2022\/07\/Nota-Posesion-Licda.-Karina-Rodas-Directora-IUMUSAC-1-768x994.jpg 768w, https:\/\/iumusac.usac.edu.gt\/wp-content\/uploads\/2022\/07\/Nota-Posesion-Licda.-Karina-Rodas-Directora-IUMUSAC-1-1187x1536.jpg 1187w, https:\/\/iumusac.usac.edu.gt\/wp-content\/uploads\/2022\/07\/Nota-Posesion-Licda.-Karina-Rodas-Directora-IUMUSAC-1-1583x2048.jpg 1583w, https:\/\/iumusac.usac.edu.gt\/wp-content\/uploads\/2022\/07\/Nota-Posesion-Licda.-Karina-Rodas-Directora-IUMUSAC-1.jpg 1700w\" sizes=\"(max-width: 791px) 100vw, 791px\" \/><\/figure>\n","protected":false},"excerpt":{"rendered":"<p>El 10 de enero de 2019, la Licda. Vilma Karina Rodas Recinos, tom\u00f3 posesi\u00f3n como Directora del Instituto Universitario de la Mujer de la Universidad de San Carlos de Guatemala, \u201cLicda. Miriam Ileana Maldonado Batres\u201d, juramentada por el Se\u00f1or Rector, Ing. Murphy Paiz, y Se\u00f1or Secretario Arq. Carlos Valladares. La Directora Rodas, Abogada y Notaria, [&hellip;]<\/p>\n","protected":false},"author":1,"featured_media":0,"comment_status":"open","ping_status":"open","sticky":false,"template":"","format":"standard","meta":{"footnotes":""},"categories":[12,7,8,1],"tags":[],"class_list":{"0":"post-1103","1":"post","2":"type-post","3":"status-publish","4":"format-standard","6":"category-2019-eventos","7":"category-eventos","8":"category-noticias","9":"category-publicaciones","10":"czr-hentry"},"_links":{"self":[{"href":"https:\/\/iumusac.usac.edu.gt\/index.php?rest_route=\/wp\/v2\/posts\/1103"}],"collection":[{"href":"https:\/\/iumusac.usac.edu.gt\/index.php?rest_route=\/wp\/v2\/posts"}],"about":[{"href":"https:\/\/iumusac.usac.edu.gt\/index.php?rest_route=\/wp\/v2\/types\/post"}],"author":[{"embeddable":true,"href":"https:\/\/iumusac.usac.edu.gt\/index.php?rest_route=\/wp\/v2\/users\/1"}],"replies":[{"embeddable":true,"href":"https:\/\/iumusac.usac.edu.gt\/index.php?rest_route=%2Fwp%2Fv2%2Fcomments&post=1103"}],"version-history":[{"count":2,"href":"https:\/\/iumusac.usac.edu.gt\/index.php?rest_route=\/wp\/v2\/posts\/1103\/revisions"}],"predecessor-version":[{"id":1109,"href":"https:\/\/iumusac.usac.edu.gt\/index.php?rest_route=\/wp\/v2\/posts\/1103\/revisions\/1109"}],"wp:attachment":[{"href":"https:\/\/iumusac.usac.edu.gt\/index.php?rest_route=%2Fwp%2Fv2%2Fmedia&parent=1103"}],"wp:term":[{"taxonomy":"category","embeddable":true,"href":"https:\/\/iumusac.usac.edu.gt\/index.php?rest_route=%2Fwp%2Fv2%2Fcategories&post=1103"},{"taxonomy":"post_tag","embeddable":true,"href":"https:\/\/iumusac.usac.edu.gt\/index.php?rest_route=%2Fwp%2Fv2%2Ftags&post=1103"}],"curies":[{"name":"wp","href":"https:\/\/api.w.org\/{rel}","templated":true}]}}