{"id":1027,"date":"2022-07-07T19:33:22","date_gmt":"2022-07-07T19:33:22","guid":{"rendered":"https:\/\/iumusac.usac.edu.gt\/?p=1027"},"modified":"2022-07-07T22:49:48","modified_gmt":"2022-07-07T22:49:48","slug":"comunicados-csu-rector-iumusac","status":"publish","type":"post","link":"https:\/\/iumusac.usac.edu.gt\/?p=1027","title":{"rendered":"Comunicados CSU, Rector, IUMUSAC"},"content":{"rendered":"\n<p><strong>Prevenci\u00f3n y atenci\u00f3n integral de la Mujeres, Ni\u00f1as y Adolescentes Covid-19 <\/strong><\/p>\n\n\n\n<p>El CSU, el Rector y el IUMUSAC realizamos comunicados publicado sobre la violencia contra las mujeres, se puede ver en SOY USAC y en las redes de las distintas dependencias de la USAC, tambi\u00e9n le dieron cobertura los medios comunicaci\u00f3n y noticias nacionales.&nbsp; &nbsp;<\/p>\n\n\n\n<p>Se public\u00f3 un primer Comunicado, el  25 de abril de 2020,  y el segundo Comunicado el 25 de enero de 2021, sobre la violencia contra las mujeres durante la pandemia COVID-19 y su atenci\u00f3n integral durante la crisis sanitaria. <\/p>\n\n\n\n<div data-wp-interactive=\"core\/file\" class=\"wp-block-file\"><object data-wp-bind--hidden=\"!state.hasPdfPreview\"  class=\"wp-block-file__embed\" data=\"https:\/\/iumusac.usac.edu.gt\/wp-content\/uploads\/2022\/07\/COMUNICADO-CSU-IUMUSAC-editado-25-abril.pdf\" type=\"application\/pdf\" style=\"width:100%;height:600px\" aria-label=\"Incrustado de Incrustado de COMUNICADO-CSU-IUMUSAC-editado-25-abril..\"><\/object><a id=\"wp-block-file--media-35b6253a-fafc-4edd-b064-c1b6f2b4b5f1\" href=\"https:\/\/iumusac.usac.edu.gt\/wp-content\/uploads\/2022\/07\/COMUNICADO-CSU-IUMUSAC-editado-25-abril.pdf\">COMUNICADO-CSU-IUMUSAC-editado-25-abril<\/a><a href=\"https:\/\/iumusac.usac.edu.gt\/wp-content\/uploads\/2022\/07\/COMUNICADO-CSU-IUMUSAC-editado-25-abril.pdf\" class=\"wp-block-file__button\" download aria-describedby=\"wp-block-file--media-35b6253a-fafc-4edd-b064-c1b6f2b4b5f1\">Descarga<\/a><\/div>\n\n\n\n<p>25 de enero de 2021<\/p>\n\n\n\n<p><\/p>\n\n\n\n<p><a href=\"https:\/\/www.facebook.com\/photo\/?fbid=2586241628340859&amp;set=ecnf.100057261677334\">https:\/\/www.facebook.com\/photo\/?fbid=2586241628340859&amp;set=ecnf.100057261677334<\/a><\/p>\n\n\n\n<figure class=\"wp-block-image size-large\"><img loading=\"lazy\" decoding=\"async\" width=\"791\" height=\"1024\" src=\"https:\/\/iumusac.usac.edu.gt\/wp-content\/uploads\/2022\/07\/Comunicado-25-de-enero-2021-791x1024.jpg\" alt=\"\" class=\"wp-image-1063\" srcset=\"https:\/\/iumusac.usac.edu.gt\/wp-content\/uploads\/2022\/07\/Comunicado-25-de-enero-2021-791x1024.jpg 791w, https:\/\/iumusac.usac.edu.gt\/wp-content\/uploads\/2022\/07\/Comunicado-25-de-enero-2021-232x300.jpg 232w, https:\/\/iumusac.usac.edu.gt\/wp-content\/uploads\/2022\/07\/Comunicado-25-de-enero-2021-768x994.jpg 768w, https:\/\/iumusac.usac.edu.gt\/wp-content\/uploads\/2022\/07\/Comunicado-25-de-enero-2021.jpg 927w\" sizes=\"(max-width: 791px) 100vw, 791px\" \/><\/figure>\n","protected":false},"excerpt":{"rendered":"<p>Prevenci\u00f3n y atenci\u00f3n integral de la Mujeres, Ni\u00f1as y Adolescentes Covid-19 El CSU, el Rector y el IUMUSAC realizamos comunicados publicado sobre la violencia contra las mujeres, se puede ver en SOY USAC y en las redes de las distintas dependencias de la USAC, tambi\u00e9n le dieron cobertura los medios comunicaci\u00f3n y noticias nacionales.&nbsp; &nbsp; [&hellip;]<\/p>\n","protected":false},"author":1,"featured_media":0,"comment_status":"open","ping_status":"open","sticky":false,"template":"","format":"standard","meta":{"footnotes":""},"categories":[13,14,8,1],"tags":[],"class_list":{"0":"post-1027","1":"post","2":"type-post","3":"status-publish","4":"format-standard","6":"category-2020-eventos","7":"category-2021-eventos","8":"category-noticias","9":"category-publicaciones","10":"czr-hentry"},"_links":{"self":[{"href":"https:\/\/iumusac.usac.edu.gt\/index.php?rest_route=\/wp\/v2\/posts\/1027"}],"collection":[{"href":"https:\/\/iumusac.usac.edu.gt\/index.php?rest_route=\/wp\/v2\/posts"}],"about":[{"href":"https:\/\/iumusac.usac.edu.gt\/index.php?rest_route=\/wp\/v2\/types\/post"}],"author":[{"embeddable":true,"href":"https:\/\/iumusac.usac.edu.gt\/index.php?rest_route=\/wp\/v2\/users\/1"}],"replies":[{"embeddable":true,"href":"https:\/\/iumusac.usac.edu.gt\/index.php?rest_route=%2Fwp%2Fv2%2Fcomments&post=1027"}],"version-history":[{"count":5,"href":"https:\/\/iumusac.usac.edu.gt\/index.php?rest_route=\/wp\/v2\/posts\/1027\/revisions"}],"predecessor-version":[{"id":1064,"href":"https:\/\/iumusac.usac.edu.gt\/index.php?rest_route=\/wp\/v2\/posts\/1027\/revisions\/1064"}],"wp:attachment":[{"href":"https:\/\/iumusac.usac.edu.gt\/index.php?rest_route=%2Fwp%2Fv2%2Fmedia&parent=1027"}],"wp:term":[{"taxonomy":"category","embeddable":true,"href":"https:\/\/iumusac.usac.edu.gt\/index.php?rest_route=%2Fwp%2Fv2%2Fcategories&post=1027"},{"taxonomy":"post_tag","embeddable":true,"href":"https:\/\/iumusac.usac.edu.gt\/index.php?rest_route=%2Fwp%2Fv2%2Ftags&post=1027"}],"curies":[{"name":"wp","href":"https:\/\/api.w.org\/{rel}","templated":true}]}}