{"id":1024,"date":"2022-07-07T19:54:55","date_gmt":"2022-07-07T19:54:55","guid":{"rendered":"https:\/\/iumusac.usac.edu.gt\/?p=1024"},"modified":"2022-07-08T14:06:45","modified_gmt":"2022-07-08T14:06:45","slug":"segunda-edicion-del-libro-trazos-de-mujeres-historia-de-las-precursoras-en-la-educacion-superior-y-reconocimientos-a-las-primeras-mujeres-graduadas-en-la-usac","status":"publish","type":"post","link":"https:\/\/iumusac.usac.edu.gt\/?p=1024","title":{"rendered":"Presentaci\u00f3n 2da Edici\u00f3n Libro &#8220;Trazos de Mujeres. Historia de las Precursoras en la Educaci\u00f3n Superior&#8221;                           Reconocimientos a las primeras mujeres graduadas en la USAC"},"content":{"rendered":"\n<p><\/p>\n\n\n\n<p>Acto acad\u00e9mico de la publicaci\u00f3n y entrega de la edici\u00f3n actualizada del libro \u201cEn el trazo de mujeres. Historia de las precursoras en la educaci\u00f3n superior\u201d de Licda. Ana Patricia Borrayo, investigadora del IUMUSAC, con el apoyo financiero de DIGED, el 5 de noviembre de 2019.&nbsp;&nbsp;&nbsp;&nbsp;&nbsp;&nbsp;&nbsp;<\/p>\n\n\n\n<p>En el mismo acto se hizo entrega de reconocimientos a las primeras mujeres profesionales en la educaci\u00f3n superior otorgados en el marco del centenario de graduaci\u00f3n de Olimpia Altuve (1919-2019), en el Auditorio de la Facultad de Arquitectura, siendo homenajeadas las siguientes profesionales:&nbsp;<\/p>\n\n\n\n<ul class=\"wp-block-list\"><li>Arquitecta Amelia marina Weymann primera profesional graduada en la Facultad de Arquitectura, USAC, 1969 \u2013 y Reconocimiento especial por sus 50 a\u00f1os de ejercicio profesional.<\/li><li>Licenciada en Acuicultura Karla Evelyn Paz Cord\u00f3n. Primera profesional graduada en el Centro de Estudios del Mar y Acuicultura CEMA 1997<\/li><li>Licenciada Elba Lucrecia Chac\u00f3n Cord\u00f3n, primera profesional graduada en Escuela de Educaci\u00f3n f\u00edsica deporte y recreaci\u00f3n \u2013ECTAFIDE 1999<\/li><li>Ingeniera Ge\u00f3loga Mar\u00eda Edna Azucena Vidaurre Lemus, primera profesional graduada en Centro Universitario del Norte \u2013CUNOR 2000<\/li><li>Ingeniera Agroindustrial Flor de Mar\u00eda Mej\u00eda Rodas, primera profesional graduada en Centro Universitario del Sur \u2013CUNSUR 2001<\/li><li>Ingeniera Agr\u00f3noma Dinora Marleny Moya guzm\u00e1n, primera profesional graduada en el Centro Universitario Suroriente \u2013CUNSURORI 2003<\/li><li>Licenciada en Artes Visuales Patricia Mar\u00eda Urrutia G\u00e1lvez, primera profesional graduada en Escuela Superior de Arte, 2015<\/li><li>Licenciada en Matem\u00e1tica aplicada M\u00f3nica Luc\u00eda Cabria Zambrano primera profesional graduada en la Escuela de Ciencias F\u00edsicas y Matem\u00e1tica Aplicada, 2017.<\/li><\/ul>\n\n\n\n<figure class=\"wp-block-image size-large\"><img loading=\"lazy\" decoding=\"async\" width=\"823\" height=\"1024\" src=\"https:\/\/iumusac.usac.edu.gt\/wp-content\/uploads\/2022\/07\/publicacion-libro-Patricia-Borrayo-823x1024.jpg\" alt=\"\" class=\"wp-image-1033\" srcset=\"https:\/\/iumusac.usac.edu.gt\/wp-content\/uploads\/2022\/07\/publicacion-libro-Patricia-Borrayo-823x1024.jpg 823w, https:\/\/iumusac.usac.edu.gt\/wp-content\/uploads\/2022\/07\/publicacion-libro-Patricia-Borrayo-241x300.jpg 241w, https:\/\/iumusac.usac.edu.gt\/wp-content\/uploads\/2022\/07\/publicacion-libro-Patricia-Borrayo-768x955.jpg 768w, https:\/\/iumusac.usac.edu.gt\/wp-content\/uploads\/2022\/07\/publicacion-libro-Patricia-Borrayo.jpg 1000w\" sizes=\"(max-width: 823px) 100vw, 823px\" \/><\/figure>\n\n\n\n<figure class=\"wp-block-image size-large\"><img loading=\"lazy\" decoding=\"async\" width=\"1024\" height=\"576\" src=\"https:\/\/iumusac.usac.edu.gt\/wp-content\/uploads\/2022\/07\/IMG-20191115-WA0022-1024x576.jpg\" alt=\"\" class=\"wp-image-1035\" srcset=\"https:\/\/iumusac.usac.edu.gt\/wp-content\/uploads\/2022\/07\/IMG-20191115-WA0022-1024x576.jpg 1024w, https:\/\/iumusac.usac.edu.gt\/wp-content\/uploads\/2022\/07\/IMG-20191115-WA0022-300x169.jpg 300w, https:\/\/iumusac.usac.edu.gt\/wp-content\/uploads\/2022\/07\/IMG-20191115-WA0022-768x432.jpg 768w, https:\/\/iumusac.usac.edu.gt\/wp-content\/uploads\/2022\/07\/IMG-20191115-WA0022-528x297.jpg 528w, https:\/\/iumusac.usac.edu.gt\/wp-content\/uploads\/2022\/07\/IMG-20191115-WA0022.jpg 1032w\" sizes=\"(max-width: 1024px) 100vw, 1024px\" \/><\/figure>\n\n\n\n<figure class=\"wp-block-image size-large\"><img loading=\"lazy\" decoding=\"async\" width=\"1024\" height=\"683\" src=\"https:\/\/iumusac.usac.edu.gt\/wp-content\/uploads\/2022\/07\/SENACYT-IUMUSAC-reunion-2-de-marzo-2022-fot-3-1024x683.jpg\" alt=\"\" class=\"wp-image-1086\" srcset=\"https:\/\/iumusac.usac.edu.gt\/wp-content\/uploads\/2022\/07\/SENACYT-IUMUSAC-reunion-2-de-marzo-2022-fot-3-1024x683.jpg 1024w, https:\/\/iumusac.usac.edu.gt\/wp-content\/uploads\/2022\/07\/SENACYT-IUMUSAC-reunion-2-de-marzo-2022-fot-3-300x200.jpg 300w, https:\/\/iumusac.usac.edu.gt\/wp-content\/uploads\/2022\/07\/SENACYT-IUMUSAC-reunion-2-de-marzo-2022-fot-3-768x512.jpg 768w, https:\/\/iumusac.usac.edu.gt\/wp-content\/uploads\/2022\/07\/SENACYT-IUMUSAC-reunion-2-de-marzo-2022-fot-3.jpg 1404w\" sizes=\"(max-width: 1024px) 100vw, 1024px\" \/><\/figure>\n\n\n\n<figure class=\"wp-block-image size-large\"><img loading=\"lazy\" decoding=\"async\" width=\"576\" height=\"1024\" src=\"https:\/\/iumusac.usac.edu.gt\/wp-content\/uploads\/2022\/07\/Palabras-Licda.-Karina-Rodas-directora-576x1024.jpg\" alt=\"\" class=\"wp-image-1095\" srcset=\"https:\/\/iumusac.usac.edu.gt\/wp-content\/uploads\/2022\/07\/Palabras-Licda.-Karina-Rodas-directora-576x1024.jpg 576w, https:\/\/iumusac.usac.edu.gt\/wp-content\/uploads\/2022\/07\/Palabras-Licda.-Karina-Rodas-directora-169x300.jpg 169w, https:\/\/iumusac.usac.edu.gt\/wp-content\/uploads\/2022\/07\/Palabras-Licda.-Karina-Rodas-directora.jpg 581w\" sizes=\"(max-width: 576px) 100vw, 576px\" \/><figcaption>Palabras de Licda. Karina Rodas, Directora IUMUSAC 2019.<\/figcaption><\/figure>\n","protected":false},"excerpt":{"rendered":"<p>Acto acad\u00e9mico de la publicaci\u00f3n y entrega de la edici\u00f3n actualizada del libro \u201cEn el trazo de mujeres. Historia de las precursoras en la educaci\u00f3n superior\u201d de Licda. Ana Patricia Borrayo, investigadora del IUMUSAC, con el apoyo financiero de DIGED, el 5 de noviembre de 2019.&nbsp;&nbsp;&nbsp;&nbsp;&nbsp;&nbsp;&nbsp; En el mismo acto se hizo entrega de reconocimientos [&hellip;]<\/p>\n","protected":false},"author":1,"featured_media":0,"comment_status":"open","ping_status":"open","sticky":false,"template":"","format":"standard","meta":{"footnotes":""},"categories":[12,7,9,8,1],"tags":[],"class_list":{"0":"post-1024","1":"post","2":"type-post","3":"status-publish","4":"format-standard","6":"category-2019-eventos","7":"category-eventos","8":"category-investigaciones","9":"category-noticias","10":"category-publicaciones","11":"czr-hentry"},"_links":{"self":[{"href":"https:\/\/iumusac.usac.edu.gt\/index.php?rest_route=\/wp\/v2\/posts\/1024"}],"collection":[{"href":"https:\/\/iumusac.usac.edu.gt\/index.php?rest_route=\/wp\/v2\/posts"}],"about":[{"href":"https:\/\/iumusac.usac.edu.gt\/index.php?rest_route=\/wp\/v2\/types\/post"}],"author":[{"embeddable":true,"href":"https:\/\/iumusac.usac.edu.gt\/index.php?rest_route=\/wp\/v2\/users\/1"}],"replies":[{"embeddable":true,"href":"https:\/\/iumusac.usac.edu.gt\/index.php?rest_route=%2Fwp%2Fv2%2Fcomments&post=1024"}],"version-history":[{"count":7,"href":"https:\/\/iumusac.usac.edu.gt\/index.php?rest_route=\/wp\/v2\/posts\/1024\/revisions"}],"predecessor-version":[{"id":1096,"href":"https:\/\/iumusac.usac.edu.gt\/index.php?rest_route=\/wp\/v2\/posts\/1024\/revisions\/1096"}],"wp:attachment":[{"href":"https:\/\/iumusac.usac.edu.gt\/index.php?rest_route=%2Fwp%2Fv2%2Fmedia&parent=1024"}],"wp:term":[{"taxonomy":"category","embeddable":true,"href":"https:\/\/iumusac.usac.edu.gt\/index.php?rest_route=%2Fwp%2Fv2%2Fcategories&post=1024"},{"taxonomy":"post_tag","embeddable":true,"href":"https:\/\/iumusac.usac.edu.gt\/index.php?rest_route=%2Fwp%2Fv2%2Ftags&post=1024"}],"curies":[{"name":"wp","href":"https:\/\/api.w.org\/{rel}","templated":true}]}}